{"id":181,"date":"2024-11-26T14:30:39","date_gmt":"2024-11-26T12:30:39","guid":{"rendered":"https:\/\/www.avaruustilanne.fi\/?p=181"},"modified":"2024-12-19T13:33:00","modified_gmt":"2024-12-19T11:33:00","slug":"laki-ilmatieteen-laitoksesta-vahvistettu-tasavallan-presidentin-esittelyssa-22-11-2024","status":"publish","type":"post","link":"https:\/\/www.avaruustilanne.fi\/index.php\/2024\/11\/26\/laki-ilmatieteen-laitoksesta-vahvistettu-tasavallan-presidentin-esittelyssa-22-11-2024\/","title":{"rendered":"Laki Ilmatieteen laitoksesta vahvistettu Tasavallan presidentin esittelyss\u00e4 22.11.2024"},"content":{"rendered":"\n<h2 class=\"wp-block-heading\">Laki Ilmatieteen laitoksesta vahvistettu Tasavallan presidentin esittelyss\u00e4 22.11.2024<\/h2>\n\n\n\n<p><strong>Laki Ilmatietaan laitoksesta sai lopullisen hyv\u00e4ksynt\u00e4ns\u00e4 perjantaina 22.11.2024, kun Tasavallan presidentti Alexander Stubb hyv\u00e4ksyi eduskunnan ja hallituksen esitykseen eduskunnalle laeiksi Ilmatieteen laitoksesta annetun lain 1 ja 2 \u00a7:n sek\u00e4 puolustusvoimista annetun lain 11 \u00a7:n muuttamisesta (HE 167\/2024 vp; EV 91\/2024 vp). Uusi laki pit\u00e4\u00e4 mm. sis\u00e4ll\u00e4\u00e4n avaruustilannekuvan muodostamisen.<\/strong><\/p>\n\n\n\n<p>Kokonaisuudessaan uusi lakiteksti on seuraavanlainen:<\/p>\n\n\n\n<p class=\"has-text-align-center\"><em>Laki<br>Ilmatieteen laitoksesta annetun lain 1 ja 2 \u00a7:n muuttamisesta<\/em><\/p>\n\n\n\n<p class=\"has-text-align-left\"><em>Eduskunnan p\u00e4\u00e4t\u00f6ksen mukaisesti muutetaan Ilmatieteen laitoksesta annetun lain (212\/2018) 1 \u00a7 ja 2 \u00a7:n 1 momentti sek\u00e4 lis\u00e4t\u00e4\u00e4n 2 \u00a7:\u00e4\u00e4n uusi 4 momentti seuraavasti:<\/em><\/p>\n\n\n\n<p class=\"has-text-align-center\"><em>1 \u00a7<br>Asema ja toiminta-ajatus<\/em><\/p>\n\n\n\n<p class=\"has-text-align-left\"><em>Ilmatieteen laitos on liikenne- ja viestint\u00e4ministeri\u00f6n hallinnonalalle kuuluva palvelu- ja<br>tutkimuslaitos, joka tuottaa havainto- ja tutkimustietoa ilmakeh\u00e4st\u00e4, avaruustilanteesta ja merist\u00e4 sek\u00e4 s\u00e4\u00e4-, meri-, avaruustilannekuva- ja ilmastopalveluita yleisen turvallisuuden, elinkeinoel\u00e4m\u00e4n ja kansalaisten tarpeisiin.<\/em><\/p>\n\n\n\n<p class=\"has-text-align-center\"><em>2 \u00a7<br>Teht\u00e4v\u00e4t<\/em><\/p>\n\n\n\n<p class=\"has-text-align-left\"><em>Ilmatieteen laitoksen teht\u00e4v\u00e4n\u00e4 on:<br>1) tuottaa s\u00e4\u00e4-, ilmasto- ja avaruustilannekuvapalveluita sek\u00e4 fysikaalisia meripalveluita maan yleisen turvallisuuden, liikenteen, elinkeinoel\u00e4m\u00e4n ja kansalaisten tarpeisiin;<br>2) hankkia ja yll\u00e4pit\u00e4\u00e4 luotettavaa tietoa ilmakeh\u00e4n ja merien fysikaalisesta tilasta ja<br>kemiallisesta koostumuksesta, ilmastosta, avaruustilanteesta sek\u00e4 niiden vaikutuksista<br>suomalaisen yhteiskunnan eri osa-alueilla ja kansainv\u00e4lisesti; sek\u00e4<br>3) tehd\u00e4 ja edist\u00e4\u00e4 ilmatieteellist\u00e4 tutkimusta, fysikaalista merentutkimusta, polaarialueiden ja avaruuden tutkimusta sek\u00e4 muuta alaan l\u00e4heisesti liittyv\u00e4\u00e4 tutkimusta.<br><br>Ilmatieteen laitoksella, Puolustusvoimilla, Maanmittauslaitoksella ja Liikenne- ja viestint\u00e4virastolla on salassapitos\u00e4\u00e4nn\u00f6sten ja muiden tietojen luovuttamista koskevien rajoitusten est\u00e4m\u00e4tt\u00e4 oikeus luovuttaa toisilleen avaruustilanteeseen liittyv\u00e4\u00e4 tietoa, joka on v\u00e4ltt\u00e4m\u00e4t\u00f6nt\u00e4 edell\u00e4 mainituille viranomaisille niiden avaruustilanteeseen liittyvien laissa s\u00e4\u00e4dettyjen teht\u00e4vien hoitamista varten. Tiedot voidaan luovuttaa toisen viranomaisen pyynn\u00f6st\u00e4 tai oma-aloitteisesti.<br><br>T\u00e4m\u00e4 laki tulee voimaan 1 p\u00e4iv\u00e4n\u00e4 joulukuuta 2024.<\/em><\/p>\n\n\n\n<p class=\"has-text-align-left\"><em>Helsingiss\u00e4 22.11.2024<\/em><br><a href=\"https:\/\/valtioneuvosto.fi\/paatokset\/istunto?sessionId=153\"><\/a><\/p>\n\n\n\n<h2 class=\"wp-block-heading\">Lis\u00e4tietoa:<\/h2>\n\n\n\n<ul class=\"wp-block-list\">\n<li><a href=\"https:\/\/valtioneuvosto.fi\/paatokset\/paatos?decisionId=2549\" data-type=\"link\" data-id=\"https:\/\/valtioneuvosto.fi\/paatokset\/paatos?decisionId=2549\" target=\"_blank\" rel=\"noreferrer noopener\">Eduskunnan vastaus hallituksen esitykseen&nbsp;LVM\/2024\/78<\/a><\/li>\n\n\n\n<li><a href=\"https:\/\/www.presidentti.fi\/tasavallan-presidentin-esittely-22-11-2024\/\" target=\"_blank\" rel=\"noreferrer noopener\">Tasavallan presidentin esittely 22.11.2024<\/a><\/li>\n<\/ul>\n","protected":false},"excerpt":{"rendered":"<p>Laki Ilmatieteen laitoksesta vahvistettu Tasavallan presidentin esittelyss\u00e4 22.11.2024 Laki Ilmatietaan laitoksesta sai lopullisen hyv\u00e4ksynt\u00e4ns\u00e4 perjantaina 22.11.2024, kun Tasavallan presidentti Alexander Stubb hyv\u00e4ksyi eduskunnan ja hallituksen esitykseen eduskunnalle laeiksi Ilmatieteen laitoksesta annetun lain 1 ja 2 \u00a7:n sek\u00e4 puolustusvoimista annetun lain 11 \u00a7:n muuttamisesta (HE 167\/2024 vp; EV 91\/2024 vp). Uusi laki pit\u00e4\u00e4 mm. sis\u00e4ll\u00e4\u00e4n avaruustilannekuvan [&hellip;]<\/p>\n","protected":false},"author":2,"featured_media":183,"comment_status":"closed","ping_status":"closed","sticky":false,"template":"","format":"standard","meta":{"footnotes":"","_links_to":"","_links_to_target":""},"categories":[5],"tags":[],"class_list":["post-181","post","type-post","status-publish","format-standard","has-post-thumbnail","hentry","category-yleinen"],"_links":{"self":[{"href":"https:\/\/www.avaruustilanne.fi\/index.php\/wp-json\/wp\/v2\/posts\/181","targetHints":{"allow":["GET"]}}],"collection":[{"href":"https:\/\/www.avaruustilanne.fi\/index.php\/wp-json\/wp\/v2\/posts"}],"about":[{"href":"https:\/\/www.avaruustilanne.fi\/index.php\/wp-json\/wp\/v2\/types\/post"}],"author":[{"embeddable":true,"href":"https:\/\/www.avaruustilanne.fi\/index.php\/wp-json\/wp\/v2\/users\/2"}],"replies":[{"embeddable":true,"href":"https:\/\/www.avaruustilanne.fi\/index.php\/wp-json\/wp\/v2\/comments?post=181"}],"version-history":[{"count":5,"href":"https:\/\/www.avaruustilanne.fi\/index.php\/wp-json\/wp\/v2\/posts\/181\/revisions"}],"predecessor-version":[{"id":221,"href":"https:\/\/www.avaruustilanne.fi\/index.php\/wp-json\/wp\/v2\/posts\/181\/revisions\/221"}],"wp:featuredmedia":[{"embeddable":true,"href":"https:\/\/www.avaruustilanne.fi\/index.php\/wp-json\/wp\/v2\/media\/183"}],"wp:attachment":[{"href":"https:\/\/www.avaruustilanne.fi\/index.php\/wp-json\/wp\/v2\/media?parent=181"}],"wp:term":[{"taxonomy":"category","embeddable":true,"href":"https:\/\/www.avaruustilanne.fi\/index.php\/wp-json\/wp\/v2\/categories?post=181"},{"taxonomy":"post_tag","embeddable":true,"href":"https:\/\/www.avaruustilanne.fi\/index.php\/wp-json\/wp\/v2\/tags?post=181"}],"curies":[{"name":"wp","href":"https:\/\/api.w.org\/{rel}","templated":true}]}}