{"id":349,"date":"2024-12-18T10:12:42","date_gmt":"2024-12-18T08:12:42","guid":{"rendered":"https:\/\/www.avaruustilanne.fi\/?p=349"},"modified":"2024-12-19T13:32:55","modified_gmt":"2024-12-19T11:32:55","slug":"syksyn-2024-aikana-ilmakehaan-saapuneita-suomalaisia-satelliitteja","status":"publish","type":"post","link":"https:\/\/www.avaruustilanne.fi\/index.php\/2024\/12\/18\/syksyn-2024-aikana-ilmakehaan-saapuneita-suomalaisia-satelliitteja\/","title":{"rendered":"Syksyn 2024 aikana ilmakeh\u00e4\u00e4n saapuneita suomalaisia satelliitteja"},"content":{"rendered":"\n<p><strong>Vuoden 2024 aikana on alkanut ns. suomisatelliittien Maan ilmakeh\u00e4\u00e4n saapumiset lis\u00e4\u00e4ntym\u00e4\u00e4n. Syksyll\u00e4 my\u00f6s osa ICEYE:n satelliiteista ovat alkaneet saavuttamaan toiminta-ajan p\u00e4\u00e4t\u00f6kseens\u00e4.<\/strong><\/p>\n\n\n\n<p>M\u00e4\u00e4r\u00e4n kasvaminen on luonnollinen seuraus viime vuosien tihe\u00e4mm\u00e4st\u00e4 laukaisutahdista, varsinkin ICEYE:n taholta. Onkin siis odotettavissa, ett\u00e4 ajan my\u00f6t\u00e4 yh\u00e4 useampi Suomen avaruusrekisteriss\u00e4 oleva satelliitti palaa Maan ilmakeh\u00e4\u00e4n toiminta-ajan p\u00e4\u00e4tytty\u00e4.<\/p>\n\n\n\n<p>ICEYE-X1 kohtasi ilmakeh\u00e4n jo helmikuussa (7.2.) ja t\u00e4t\u00e4 seurasivat syksyll\u00e4 ICEYE-X16 (16.9.) ja ICEYE-X9 (6.10.). T\u00e4m\u00e4n my\u00f6t\u00e4 vuoden 2024 aikana yhteens\u00e4 viisi suomalaista satelliittia saapui ilmakeh\u00e4\u00e4n. Aiempina vuosina vain yksi suomalainen satelliitti (Reaktor Hello World, 22.10.2023) koki saman kohtalon. <\/p>\n","protected":false},"excerpt":{"rendered":"<p>Vuoden 2024 aikana on alkanut ns. suomisatelliittien Maan ilmakeh\u00e4\u00e4n saapumiset lis\u00e4\u00e4ntym\u00e4\u00e4n. Syksyll\u00e4 my\u00f6s osa ICEYE:n satelliiteista ovat alkaneet saavuttamaan toiminta-ajan p\u00e4\u00e4t\u00f6kseens\u00e4. M\u00e4\u00e4r\u00e4n kasvaminen on luonnollinen seuraus viime vuosien tihe\u00e4mm\u00e4st\u00e4 laukaisutahdista, varsinkin ICEYE:n taholta. Onkin siis odotettavissa, ett\u00e4 ajan my\u00f6t\u00e4 yh\u00e4 useampi Suomen avaruusrekisteriss\u00e4 oleva satelliitti palaa Maan ilmakeh\u00e4\u00e4n toiminta-ajan p\u00e4\u00e4tytty\u00e4. ICEYE-X1 kohtasi ilmakeh\u00e4n jo helmikuussa [&hellip;]<\/p>\n","protected":false},"author":2,"featured_media":348,"comment_status":"closed","ping_status":"closed","sticky":false,"template":"","format":"standard","meta":{"footnotes":"","_links_to":"","_links_to_target":""},"categories":[6],"tags":[],"class_list":["post-349","post","type-post","status-publish","format-standard","has-post-thumbnail","hentry","category-reentry"],"_links":{"self":[{"href":"https:\/\/www.avaruustilanne.fi\/index.php\/wp-json\/wp\/v2\/posts\/349","targetHints":{"allow":["GET"]}}],"collection":[{"href":"https:\/\/www.avaruustilanne.fi\/index.php\/wp-json\/wp\/v2\/posts"}],"about":[{"href":"https:\/\/www.avaruustilanne.fi\/index.php\/wp-json\/wp\/v2\/types\/post"}],"author":[{"embeddable":true,"href":"https:\/\/www.avaruustilanne.fi\/index.php\/wp-json\/wp\/v2\/users\/2"}],"replies":[{"embeddable":true,"href":"https:\/\/www.avaruustilanne.fi\/index.php\/wp-json\/wp\/v2\/comments?post=349"}],"version-history":[{"count":2,"href":"https:\/\/www.avaruustilanne.fi\/index.php\/wp-json\/wp\/v2\/posts\/349\/revisions"}],"predecessor-version":[{"id":351,"href":"https:\/\/www.avaruustilanne.fi\/index.php\/wp-json\/wp\/v2\/posts\/349\/revisions\/351"}],"wp:featuredmedia":[{"embeddable":true,"href":"https:\/\/www.avaruustilanne.fi\/index.php\/wp-json\/wp\/v2\/media\/348"}],"wp:attachment":[{"href":"https:\/\/www.avaruustilanne.fi\/index.php\/wp-json\/wp\/v2\/media?parent=349"}],"wp:term":[{"taxonomy":"category","embeddable":true,"href":"https:\/\/www.avaruustilanne.fi\/index.php\/wp-json\/wp\/v2\/categories?post=349"},{"taxonomy":"post_tag","embeddable":true,"href":"https:\/\/www.avaruustilanne.fi\/index.php\/wp-json\/wp\/v2\/tags?post=349"}],"curies":[{"name":"wp","href":"https:\/\/api.w.org\/{rel}","templated":true}]}}