{"id":569,"date":"2025-06-11T21:58:47","date_gmt":"2025-06-11T18:58:47","guid":{"rendered":"https:\/\/www.avaruustilanne.fi\/?p=569"},"modified":"2025-06-16T08:59:48","modified_gmt":"2025-06-16T05:59:48","slug":"uusi-haku-eu-sst-tutkimus-ja-kehityshanke-avaruussaan-vaikutuksista-katalogiin-on-avautunut","status":"publish","type":"post","link":"https:\/\/www.avaruustilanne.fi\/index.php\/2025\/06\/11\/uusi-haku-eu-sst-tutkimus-ja-kehityshanke-avaruussaan-vaikutuksista-katalogiin-on-avautunut\/","title":{"rendered":"Uusi haku &#8221;EU SST \u2013 Tutkimus- ja kehityshanke avaruuss\u00e4\u00e4n vaikutuksista katalogiin&#8221; on avautunut"},"content":{"rendered":"\n<p><strong>T\u00e4ss\u00e4 tutkimus- ja kehitystoimintahankkeessa tutkitaan avaruuss\u00e4\u00e4n vaikutuksia EU:n avaruustilannetietoisuuden (EU SST) katalogin yll\u00e4pitokykyyn. Erityisesti tarkastellaan, miten avaruuss\u00e4\u00e4 vaikuttaa korrelaatioon, rataparametrien ennustamiseen ja siten katalogin rakentamiseen ja yll\u00e4pitoon, sek\u00e4 mahdollisia keinoja n\u00e4iden vaikutusten v\u00e4hent\u00e4miseksi.<\/strong><\/p>\n\n\n\n<p>Hanke liittyy tutkimus- ja kehityshankkeeseen, jossa selvitet\u00e4\u00e4n avaruuss\u00e4\u00e4n vaikutuksia EU:n avaruustilannetietoisuuden (EU SST) katalogin yll\u00e4pitoon. Tarkoituksena on tutkia, miten avaruuss\u00e4\u00e4 vaikuttaa:<\/p>\n\n\n\n<ul class=\"wp-block-list\">\n<li><strong>korrelaatioon<\/strong>&nbsp;(eli havaintojen yhdist\u00e4miseen samoihin kohteisiin),<\/li>\n\n\n\n<li><strong>ratojen ennustamiseen<\/strong>&nbsp;(orbit propagation),<\/li>\n\n\n\n<li>ja siten koko katalogin rakentamiseen ja yll\u00e4pitoon.<\/li>\n<\/ul>\n\n\n\n<p>Lis\u00e4ksi pyrit\u00e4\u00e4n l\u00f6yt\u00e4m\u00e4\u00e4n keinoja n\u00e4iden vaikutusten&nbsp;<strong>lievent\u00e4miseksi<\/strong>.<\/p>\n\n\n\n<p>Kyseess\u00e4 on&nbsp;<strong>julkinen tutkimus- ja kehityshankinta<\/strong>, joka on julkaistu EU:n virallisessa <a href=\"https:\/\/ted.europa.eu\/en\/notice\/-\/detail\/371121-2025\" data-type=\"link\" data-id=\"https:\/\/ted.europa.eu\/en\/notice\/-\/detail\/371121-2025\">TED-j\u00e4rjestelm\u00e4ss\u00e4 (Tenders Electronic Daily)<\/a> ja saksalaisessa <a href=\"https:\/\/www.subreport-elvis.de\/browseVerdingungsunterlagen.html#ELVISID:E75234678\">Subreport Elvis -portaalissa<\/a>. Hanke on suunnattu organisaatioille, joilla on asiantuntemusta avaruuss\u00e4\u00e4n, satelliittien ratadynamiikan ja tilannekuvan hallinnan aloilla.<\/p>\n\n\n\n<p><strong>Takaraja tarjouksille on 09\/07\/2025 11:00<\/strong><\/p>\n\n\n\n<p>Hankkijana on <strong>Deutsches Zentrum f\u00fcr Luft- und Raumfahrt e.V. (DLR)<\/strong><\/p>\n","protected":false},"excerpt":{"rendered":"<p>T\u00e4ss\u00e4 tutkimus- ja kehitystoimintahankkeessa tutkitaan avaruuss\u00e4\u00e4n vaikutuksia EU:n avaruustilannetietoisuuden (EU SST) katalogin yll\u00e4pitokykyyn. Erityisesti tarkastellaan, miten avaruuss\u00e4\u00e4 vaikuttaa korrelaatioon, rataparametrien ennustamiseen ja siten katalogin rakentamiseen ja yll\u00e4pitoon, sek\u00e4 mahdollisia keinoja n\u00e4iden vaikutusten v\u00e4hent\u00e4miseksi. Hanke liittyy tutkimus- ja kehityshankkeeseen, jossa selvitet\u00e4\u00e4n avaruuss\u00e4\u00e4n vaikutuksia EU:n avaruustilannetietoisuuden (EU SST) katalogin yll\u00e4pitoon. Tarkoituksena on tutkia, miten avaruuss\u00e4\u00e4 vaikuttaa: Lis\u00e4ksi [&hellip;]<\/p>\n","protected":false},"author":2,"featured_media":110,"comment_status":"closed","ping_status":"open","sticky":false,"template":"","format":"standard","meta":{"footnotes":"","_links_to":"","_links_to_target":""},"categories":[4,20],"tags":[],"class_list":["post-569","post","type-post","status-publish","format-standard","has-post-thumbnail","hentry","category-swe","category-yritystoiminta-ja-kaupallisuus"],"_links":{"self":[{"href":"https:\/\/www.avaruustilanne.fi\/index.php\/wp-json\/wp\/v2\/posts\/569","targetHints":{"allow":["GET"]}}],"collection":[{"href":"https:\/\/www.avaruustilanne.fi\/index.php\/wp-json\/wp\/v2\/posts"}],"about":[{"href":"https:\/\/www.avaruustilanne.fi\/index.php\/wp-json\/wp\/v2\/types\/post"}],"author":[{"embeddable":true,"href":"https:\/\/www.avaruustilanne.fi\/index.php\/wp-json\/wp\/v2\/users\/2"}],"replies":[{"embeddable":true,"href":"https:\/\/www.avaruustilanne.fi\/index.php\/wp-json\/wp\/v2\/comments?post=569"}],"version-history":[{"count":2,"href":"https:\/\/www.avaruustilanne.fi\/index.php\/wp-json\/wp\/v2\/posts\/569\/revisions"}],"predecessor-version":[{"id":571,"href":"https:\/\/www.avaruustilanne.fi\/index.php\/wp-json\/wp\/v2\/posts\/569\/revisions\/571"}],"wp:featuredmedia":[{"embeddable":true,"href":"https:\/\/www.avaruustilanne.fi\/index.php\/wp-json\/wp\/v2\/media\/110"}],"wp:attachment":[{"href":"https:\/\/www.avaruustilanne.fi\/index.php\/wp-json\/wp\/v2\/media?parent=569"}],"wp:term":[{"taxonomy":"category","embeddable":true,"href":"https:\/\/www.avaruustilanne.fi\/index.php\/wp-json\/wp\/v2\/categories?post=569"},{"taxonomy":"post_tag","embeddable":true,"href":"https:\/\/www.avaruustilanne.fi\/index.php\/wp-json\/wp\/v2\/tags?post=569"}],"curies":[{"name":"wp","href":"https:\/\/api.w.org\/{rel}","templated":true}]}}