{"id":576,"date":"2025-08-04T08:33:57","date_gmt":"2025-08-04T05:33:57","guid":{"rendered":"https:\/\/www.avaruustilanne.fi\/?p=576"},"modified":"2025-08-04T08:33:58","modified_gmt":"2025-08-04T05:33:58","slug":"kysely-eun-sst-markkinapaikan-tarpeet-ja-vaatimukset-teollisuuden-nakokulma","status":"publish","type":"post","link":"https:\/\/www.avaruustilanne.fi\/index.php\/2025\/08\/04\/kysely-eun-sst-markkinapaikan-tarpeet-ja-vaatimukset-teollisuuden-nakokulma\/","title":{"rendered":"Kysely &#8221;EU:n SST-markkinapaikan tarpeet ja vaatimukset&#8221; &#8211; teollisuuden n\u00e4k\u00f6kulma"},"content":{"rendered":"\n<p><strong>EU:n SST-markkinapaikan tavoitteena\u00a0on yhdist\u00e4\u00e4 teolliset datan, k\u00e4sittelyn ja palveluiden tarjoajat potentiaalisiin asiakkaisiin, ja koota alan tarjonta yhteen paikkaan.<\/strong><\/p>\n\n\n\n<p>T\u00e4m\u00e4n kyselyn tarkoituksena\u00a0on ymm\u00e4rt\u00e4\u00e4 tarpeita teollisen tarjonnan n\u00e4k\u00f6kulmasta. Siksi loppuk\u00e4ytt\u00e4j\u00e4t eiv\u00e4t kuulu kyselyn piiriin, vain teollisuuden B2C- ja B2B-tapaukset otetaan huomioon. Kyselyn t\u00e4ytt\u00e4miseen menee noin 20\u201330 minuuttia.<\/p>\n\n\n\n<p><strong>Linkki<\/strong>:\u00a0<a href=\"https:\/\/ec.europa.eu\/eusurvey\/runner\/2025_SSA_marketplace\">https:\/\/ec.europa.eu\/eusurvey\/runner\/2025_SSA_marketplace<\/a><br><strong>Viimeinen vastausp\u00e4iv\u00e4<\/strong>: Kysely on avoinna 31. elokuuta saakka.<\/p>\n\n\n\n<p>Osallistuminen on vapaaehtoista, ja annettuja tietoja k\u00e4ytet\u00e4\u00e4n ainoastaan EU SST -markkinapaikan tarvekartoitukseen. Kaikki vastaukset k\u00e4sitell\u00e4\u00e4n luottamuksellisesti ja analysoidaan vain koottuna ja anonymisoituna. Mit\u00e4\u00e4n kaupallisesti arkaluontoisia tietoja tai henkil\u00f6tunnisteita ei koskaan luovuteta kolmansille osapuolille.<\/p>\n","protected":false},"excerpt":{"rendered":"<p>EU:n SST-markkinapaikan tavoitteena\u00a0on yhdist\u00e4\u00e4 teolliset datan, k\u00e4sittelyn ja palveluiden tarjoajat potentiaalisiin asiakkaisiin, ja koota alan tarjonta yhteen paikkaan. T\u00e4m\u00e4n kyselyn tarkoituksena\u00a0on ymm\u00e4rt\u00e4\u00e4 tarpeita teollisen tarjonnan n\u00e4k\u00f6kulmasta. Siksi loppuk\u00e4ytt\u00e4j\u00e4t eiv\u00e4t kuulu kyselyn piiriin, vain teollisuuden B2C- ja B2B-tapaukset otetaan huomioon. Kyselyn t\u00e4ytt\u00e4miseen menee noin 20\u201330 minuuttia. Linkki:\u00a0https:\/\/ec.europa.eu\/eusurvey\/runner\/2025_SSA_marketplaceViimeinen vastausp\u00e4iv\u00e4: Kysely on avoinna 31. elokuuta saakka. Osallistuminen on [&hellip;]<\/p>\n","protected":false},"author":2,"featured_media":183,"comment_status":"closed","ping_status":"open","sticky":false,"template":"","format":"standard","meta":{"footnotes":"","_links_to":"","_links_to_target":""},"categories":[2,5],"tags":[],"class_list":["post-576","post","type-post","status-publish","format-standard","has-post-thumbnail","hentry","category-ssasst","category-yleinen"],"_links":{"self":[{"href":"https:\/\/www.avaruustilanne.fi\/index.php\/wp-json\/wp\/v2\/posts\/576","targetHints":{"allow":["GET"]}}],"collection":[{"href":"https:\/\/www.avaruustilanne.fi\/index.php\/wp-json\/wp\/v2\/posts"}],"about":[{"href":"https:\/\/www.avaruustilanne.fi\/index.php\/wp-json\/wp\/v2\/types\/post"}],"author":[{"embeddable":true,"href":"https:\/\/www.avaruustilanne.fi\/index.php\/wp-json\/wp\/v2\/users\/2"}],"replies":[{"embeddable":true,"href":"https:\/\/www.avaruustilanne.fi\/index.php\/wp-json\/wp\/v2\/comments?post=576"}],"version-history":[{"count":2,"href":"https:\/\/www.avaruustilanne.fi\/index.php\/wp-json\/wp\/v2\/posts\/576\/revisions"}],"predecessor-version":[{"id":578,"href":"https:\/\/www.avaruustilanne.fi\/index.php\/wp-json\/wp\/v2\/posts\/576\/revisions\/578"}],"wp:featuredmedia":[{"embeddable":true,"href":"https:\/\/www.avaruustilanne.fi\/index.php\/wp-json\/wp\/v2\/media\/183"}],"wp:attachment":[{"href":"https:\/\/www.avaruustilanne.fi\/index.php\/wp-json\/wp\/v2\/media?parent=576"}],"wp:term":[{"taxonomy":"category","embeddable":true,"href":"https:\/\/www.avaruustilanne.fi\/index.php\/wp-json\/wp\/v2\/categories?post=576"},{"taxonomy":"post_tag","embeddable":true,"href":"https:\/\/www.avaruustilanne.fi\/index.php\/wp-json\/wp\/v2\/tags?post=576"}],"curies":[{"name":"wp","href":"https:\/\/api.w.org\/{rel}","templated":true}]}}