{"id":603,"date":"2025-08-29T11:29:09","date_gmt":"2025-08-29T08:29:09","guid":{"rendered":"https:\/\/www.avaruustilanne.fi\/?p=603"},"modified":"2025-08-29T11:29:09","modified_gmt":"2025-08-29T08:29:09","slug":"mediaseuranta-avaruustilannekeskus-tiedeykkosessa","status":"publish","type":"post","link":"https:\/\/www.avaruustilanne.fi\/index.php\/2025\/08\/29\/mediaseuranta-avaruustilannekeskus-tiedeykkosessa\/","title":{"rendered":"Mediaseuranta: Avaruustilannekeskus Tiedeykk\u00f6sess\u00e4"},"content":{"rendered":"\n<p><strong>Jari M\u00e4kinen haastattelee Tiedeykk\u00f6sess\u00e4 Ilmatieteen laitoksen yksik\u00f6np\u00e4\u00e4llikk\u00f6\u00e4 ja Avaruustilannekeskuksen johtajaa Ari-Matti Harria sek\u00e4 avaruuss\u00e4\u00e4ryhm\u00e4n ryhm\u00e4p\u00e4\u00e4llikk\u00f6 Tiera Laitista.<\/strong><\/p>\n\n\n\n<p>Tiedeykk\u00f6nen on YLEn tuottama ajankohtainen tiedeohjelma ja podcast, joka tarjoaa analyyttisi\u00e4 kertomuksia tieteen eri osa-alueilta. Ohjelmassa k\u00e4sitell\u00e4\u00e4n laajasti aiheita maailmankaikkeuden \u00e4\u00e4rist\u00e4 ihmiskehon sy\u00f6vereihin, ja se pyrkii lis\u00e4\u00e4m\u00e4\u00e4n ymm\u00e4rryst\u00e4 sek\u00e4 itsest\u00e4mme ett\u00e4 ymp\u00e4r\u00f6iv\u00e4st\u00e4 maailmasta.<\/p>\n\n\n\n<p>Jaksoissa syvennyt\u00e4\u00e4n muun muassa biologian, fysiikan, matematiikan, l\u00e4\u00e4ketieteen, ymp\u00e4rist\u00f6tieteiden ja teknologian ajankohtaisiin ilmi\u00f6ihin. Esimerkiksi ohjelmassa on k\u00e4sitelty  Suomen avaruustoiminnan nousua, kompleksilukujen merkityst\u00e4 matematiikassa, sek\u00e4 kvanttitietokoneiden vaikutuksia tietoturvaan.<\/p>\n\n\n\n<p>Tuoreimmassa <a href=\"https:\/\/areena.yle.fi\/1-75862819\" target=\"_blank\" rel=\"noreferrer noopener\">Tiedeykk\u00f6sen podcastissa<\/a> tiedetoimittaja <em>Jari M\u00e4kinen<\/em> haastattelee  tulevan Kansallisen Avaruustilannekeskuksen vet\u00e4j\u00e4\u00e4 <em>Ari-Matti Harria<\/em> sek\u00e4 avaruus\u00e4\u00e4ryhm\u00e4n vet\u00e4j\u00e4\u00e4 <em>Tiera Laitista<\/em>. Jaksolla on pituutta reilut 45 minuuuttia ja ohjelman aikana pureudutaan yksityiskohtaisesti perustettavaan keskukseen ja sen toimintaan. Jakso on kuunneltavissa YLE Areenassa mm. <a href=\"https:\/\/areena.yle.fi\/1-75862819\" target=\"_blank\" rel=\"noreferrer noopener\">t\u00e4m\u00e4n linkin kautta<\/a>.<\/p>\n","protected":false},"excerpt":{"rendered":"<p>Jari M\u00e4kinen haastattelee Tiedeykk\u00f6sess\u00e4 Ilmatieteen laitoksen yksik\u00f6np\u00e4\u00e4llikk\u00f6\u00e4 ja Avaruustilannekeskuksen johtajaa Ari-Matti Harria sek\u00e4 avaruuss\u00e4\u00e4ryhm\u00e4n ryhm\u00e4p\u00e4\u00e4llikk\u00f6 Tiera Laitista. Tiedeykk\u00f6nen on YLEn tuottama ajankohtainen tiedeohjelma ja podcast, joka tarjoaa analyyttisi\u00e4 kertomuksia tieteen eri osa-alueilta. Ohjelmassa k\u00e4sitell\u00e4\u00e4n laajasti aiheita maailmankaikkeuden \u00e4\u00e4rist\u00e4 ihmiskehon sy\u00f6vereihin, ja se pyrkii lis\u00e4\u00e4m\u00e4\u00e4n ymm\u00e4rryst\u00e4 sek\u00e4 itsest\u00e4mme ett\u00e4 ymp\u00e4r\u00f6iv\u00e4st\u00e4 maailmasta. Jaksoissa syvennyt\u00e4\u00e4n muun muassa biologian, [&hellip;]<\/p>\n","protected":false},"author":2,"featured_media":128,"comment_status":"closed","ping_status":"open","sticky":false,"template":"","format":"standard","meta":{"footnotes":"","_links_to":"","_links_to_target":""},"categories":[5],"tags":[26,13,40],"class_list":["post-603","post","type-post","status-publish","format-standard","has-post-thumbnail","hentry","category-yleinen","tag-avaruus","tag-avaruussaa","tag-tilannekuva"],"_links":{"self":[{"href":"https:\/\/www.avaruustilanne.fi\/index.php\/wp-json\/wp\/v2\/posts\/603","targetHints":{"allow":["GET"]}}],"collection":[{"href":"https:\/\/www.avaruustilanne.fi\/index.php\/wp-json\/wp\/v2\/posts"}],"about":[{"href":"https:\/\/www.avaruustilanne.fi\/index.php\/wp-json\/wp\/v2\/types\/post"}],"author":[{"embeddable":true,"href":"https:\/\/www.avaruustilanne.fi\/index.php\/wp-json\/wp\/v2\/users\/2"}],"replies":[{"embeddable":true,"href":"https:\/\/www.avaruustilanne.fi\/index.php\/wp-json\/wp\/v2\/comments?post=603"}],"version-history":[{"count":3,"href":"https:\/\/www.avaruustilanne.fi\/index.php\/wp-json\/wp\/v2\/posts\/603\/revisions"}],"predecessor-version":[{"id":606,"href":"https:\/\/www.avaruustilanne.fi\/index.php\/wp-json\/wp\/v2\/posts\/603\/revisions\/606"}],"wp:featuredmedia":[{"embeddable":true,"href":"https:\/\/www.avaruustilanne.fi\/index.php\/wp-json\/wp\/v2\/media\/128"}],"wp:attachment":[{"href":"https:\/\/www.avaruustilanne.fi\/index.php\/wp-json\/wp\/v2\/media?parent=603"}],"wp:term":[{"taxonomy":"category","embeddable":true,"href":"https:\/\/www.avaruustilanne.fi\/index.php\/wp-json\/wp\/v2\/categories?post=603"},{"taxonomy":"post_tag","embeddable":true,"href":"https:\/\/www.avaruustilanne.fi\/index.php\/wp-json\/wp\/v2\/tags?post=603"}],"curies":[{"name":"wp","href":"https:\/\/api.w.org\/{rel}","templated":true}]}}