{"id":679,"date":"2025-12-04T08:46:56","date_gmt":"2025-12-04T06:46:56","guid":{"rendered":"https:\/\/www.avaruustilanne.fi\/?p=679"},"modified":"2025-12-04T08:50:43","modified_gmt":"2025-12-04T06:50:43","slug":"sgnordic-baltic-2026-nuoret-avaruusalan-osaajat-kokoontuvat-helsingissa","status":"publish","type":"post","link":"https:\/\/www.avaruustilanne.fi\/index.php\/2025\/12\/04\/sgnordic-baltic-2026-nuoret-avaruusalan-osaajat-kokoontuvat-helsingissa\/","title":{"rendered":"SG[NORDIC-BALTIC] 2026 \u2013 Nuoret avaruusalan osaajat kokoontuvat Helsingiss\u00e4"},"content":{"rendered":"\n<p><strong>SG[NORDIC-BALTIC] 2026 kokoaa yhteen nuoret avaruusalan osaajat ja opiskelijat tammikuun 19. p\u00e4iv\u00e4n\u00e4 Dynamicumissa. Ilmatieteen laitoksen is\u00e4nn\u00f6im\u00e4 tapahtuma ei ole vain konferenssi, vaan se on my\u00f6s kohtaamispaikka, jossa syntyy uusia ideoita, kumppanuuksia ja innovaatioita.<\/strong><\/p>\n\n\n\n<p>Avaruussektori sek\u00e4 avaruuden hy\u00f6dynt\u00e4minen kasvaa uskomattomalla vauhdilla, ja Pohjois- sek\u00e4 Baltian maat ovat yh\u00e4 vahvemmin mukana kehityksess\u00e4. SG[NORDIC-BALTIC] 2026 tarjoaa nuorille ammattilaisille ja opiskelijoille tilaisuuden p\u00e4\u00e4st\u00e4 mukaan keskusteluihin, joilla muokataan ja vaikutetaan Pohjois-Eurooppan avaruusstrategiaan sek\u00e4 avaruuden kest\u00e4v\u00e4\u00e4n hy\u00f6dynt\u00e4miseen. Tapahtuma on suunnattu 18\u201335-vuotiaille avaruusalasta kiinnostuneille, jotka haluavat verkostoitua, oppia ja vaikuttaa.<\/p>\n\n\n\n<h2 class=\"wp-block-heading\"><strong>Inspiraatiota ja k\u00e4yt\u00e4nn\u00f6n tekemist\u00e4<\/strong><\/h2>\n\n\n\n<p>P\u00e4iv\u00e4n ohjelma on rakennettu niin, ett\u00e4 se yhdist\u00e4\u00e4 ns. keynote-puheenvuorot, paneelikeskustelut ja k\u00e4yt\u00e4nn\u00f6nl\u00e4heiset hackathonit yhdeksi kokonaisuudeksi. Osallistujat p\u00e4\u00e4sev\u00e4t ratkomaan todellisia haasteita, jotka liittyv\u00e4t avaruusteknologian ja datan hy\u00f6dynt\u00e4miseen. Kahvitauot ja illallinen tarjoavat arvokkaita hetki\u00e4 verkostoitumiseen, sill\u00e4 usein parhaat ideat syntyv\u00e4t ep\u00e4virallisissa keskusteluissa.<\/p>\n\n\n\n<h2 class=\"wp-block-heading\"><strong>Yhteisty\u00f6ss\u00e4 Winter Satellite Workshopin kanssa<\/strong><\/h2>\n\n\n\n<p>Tapahtuma j\u00e4rjestet\u00e4\u00e4n rinnakkain Otaniemess\u00e4 (20.-24.1.2026) pidett\u00e4v\u00e4n <strong>Winter Satellite Workshop 2026<\/strong> -tapahtuman kanssa, tapahtuma joka on Pohjoismaiden ja Baltian suurin avaruusalan tapahtuma. T\u00e4m\u00e4 tarjoaa my\u00f6s SG[NORDIC-BALTIC] 2026 -osallistujille mahdollisuuden n\u00e4hd\u00e4 laajempi kuva siit\u00e4, mit\u00e4 Pohjois-Euroopassa tapahtuu ja miten eri toimijat tekev\u00e4t yhteisty\u00f6t\u00e4.<\/p>\n\n\n\n<h2 class=\"wp-block-heading\"><strong>SG[NORDIC-BALTIC] 2026<\/strong> p<strong>\u00e4iv\u00e4n alustava ohjelma on seuraava<\/strong><\/h2>\n\n\n\n<ul class=\"wp-block-list\">\n<li><strong>08:30<\/strong> Ilmoittautuminen<\/li>\n\n\n\n<li><strong>09:00<\/strong> Tervetuloa ja avaus<\/li>\n\n\n\n<li><strong>09:30<\/strong> Keynote-puheenvuoro<\/li>\n\n\n\n<li><em><strong>10:00<\/strong> Kahvitauko ja verkostoituminen<\/em><\/li>\n\n\n\n<li><strong>10:30<\/strong> Hackathon alkaa<\/li>\n\n\n\n<li><em><strong>12:00<\/strong> Lounas<\/em><\/li>\n\n\n\n<li><strong>13:00<\/strong> Paneelikeskustelu<\/li>\n\n\n\n<li><strong>14:00<\/strong> Keynote-puheenvuoro<\/li>\n\n\n\n<li><em><strong>14:20<\/strong> Kahvitauko ja verkostoituminen<\/em><\/li>\n\n\n\n<li><strong>15:00<\/strong> Hackathon jatkuu<\/li>\n\n\n\n<li><strong>17:00<\/strong> Esitykset ja p\u00e4iv\u00e4n p\u00e4\u00e4t\u00f6s<\/li>\n\n\n\n<li><strong>19:00<\/strong> Ryhm\u00e4kuva sek\u00e4 verkostoitumisillallinen<\/li>\n<\/ul>\n\n\n\n<h2 class=\"wp-block-heading\"><strong>SGAC \u2013 Globaali verkosto nuorille avaruusosaajille<\/strong><\/h2>\n\n\n\n<p>Tapahtuman taustalla p\u00e4\u00e4j\u00e4rjest\u00e4j\u00e4n\u00e4 toimii <strong>Space Generation Advisory Council (SGAC)<\/strong>, kansainv\u00e4linen voittoa tavoittelematon organisaatio, joka yhdist\u00e4\u00e4 yli 30 000 j\u00e4sent\u00e4 165 maasta. SGAC:n tavoitteena on antaa nuorille \u00e4\u00e4ni avaruuspolitiikassa ja -kehityksess\u00e4 sek\u00e4 luoda yhteyksi\u00e4 YK:n, avaruusvirastojen, teollisuuden ja akateemisen maailman v\u00e4lill\u00e4.<\/p>\n\n\n\n<h3 class=\"wp-block-heading\"><strong>Miten mukaan?<\/strong><\/h3>\n\n\n\n<p>Jos olet kiinnostunut avaruudesta, teknologiasta ja kansainv\u00e4lisest\u00e4 yhteisty\u00f6st\u00e4, t\u00e4m\u00e4 tapahtuma on sinua varten. SG[NORDIC-BALTIC] 2026 tarjoaa paitsi tietoa ja inspiraatiota, my\u00f6s konkreettisia mahdollisuuksia vaikuttaa tulevaisuuden ratkaisuihin.<\/p>\n\n\n\n<p><strong>Seuraa SGAC:n kanavia ja pysy ajan tasalla:<\/strong><\/p>\n\n\n\n<ul class=\"wp-block-list\">\n<li><strong>Instagram:<\/strong> <a href=\"https:\/\/www.instagram.com\/spacegeneration\/\">@spacegeneration<\/a><\/li>\n\n\n\n<li><strong>LinkedIn:<\/strong> <a href=\"https:\/\/www.linkedin.com\/company\/space-generation-advisory-council\/\">Space Generation Advisory Council<\/a><\/li>\n\n\n\n<li><strong>Facebook:<\/strong> <a href=\"https:\/\/www.facebook.com\/spacegeneration\">Space Generation Advisory Council<\/a><\/li>\n<\/ul>\n\n\n\n<figure class=\"wp-block-image size-large\"><img loading=\"lazy\" decoding=\"async\" width=\"724\" height=\"1024\" src=\"https:\/\/www.avaruustilanne.fi\/wp-content\/uploads\/2025\/11\/FMI-Flyer-SGNordic-Baltic-2026-724x1024.jpg\" alt=\"SG[Nordic-Baltic] 2026 mainos.\" class=\"wp-image-681\" srcset=\"https:\/\/www.avaruustilanne.fi\/wp-content\/uploads\/2025\/11\/FMI-Flyer-SGNordic-Baltic-2026-724x1024.jpg 724w, https:\/\/www.avaruustilanne.fi\/wp-content\/uploads\/2025\/11\/FMI-Flyer-SGNordic-Baltic-2026-212x300.jpg 212w, https:\/\/www.avaruustilanne.fi\/wp-content\/uploads\/2025\/11\/FMI-Flyer-SGNordic-Baltic-2026-768x1086.jpg 768w, https:\/\/www.avaruustilanne.fi\/wp-content\/uploads\/2025\/11\/FMI-Flyer-SGNordic-Baltic-2026-1086x1536.jpg 1086w, https:\/\/www.avaruustilanne.fi\/wp-content\/uploads\/2025\/11\/FMI-Flyer-SGNordic-Baltic-2026-816x1154.jpg 816w, https:\/\/www.avaruustilanne.fi\/wp-content\/uploads\/2025\/11\/FMI-Flyer-SGNordic-Baltic-2026.jpg 1414w\" sizes=\"auto, (max-width: 724px) 100vw, 724px\" \/><\/figure>\n","protected":false},"excerpt":{"rendered":"<p>SG[NORDIC-BALTIC] 2026 kokoaa yhteen nuoret avaruusalan osaajat ja opiskelijat tammikuun 19. p\u00e4iv\u00e4n\u00e4 Dynamicumissa. Ilmatieteen laitoksen is\u00e4nn\u00f6im\u00e4 tapahtuma ei ole vain konferenssi, vaan se on my\u00f6s kohtaamispaikka, jossa syntyy uusia ideoita, kumppanuuksia ja innovaatioita. Avaruussektori sek\u00e4 avaruuden hy\u00f6dynt\u00e4minen kasvaa uskomattomalla vauhdilla, ja Pohjois- sek\u00e4 Baltian maat ovat yh\u00e4 vahvemmin mukana kehityksess\u00e4. SG[NORDIC-BALTIC] 2026 tarjoaa nuorille ammattilaisille [&hellip;]<\/p>\n","protected":false},"author":2,"featured_media":682,"comment_status":"closed","ping_status":"open","sticky":false,"template":"","format":"standard","meta":{"footnotes":"","_links_to":"","_links_to_target":""},"categories":[5],"tags":[26,51],"class_list":["post-679","post","type-post","status-publish","format-standard","has-post-thumbnail","hentry","category-yleinen","tag-avaruus","tag-sgac"],"_links":{"self":[{"href":"https:\/\/www.avaruustilanne.fi\/index.php\/wp-json\/wp\/v2\/posts\/679","targetHints":{"allow":["GET"]}}],"collection":[{"href":"https:\/\/www.avaruustilanne.fi\/index.php\/wp-json\/wp\/v2\/posts"}],"about":[{"href":"https:\/\/www.avaruustilanne.fi\/index.php\/wp-json\/wp\/v2\/types\/post"}],"author":[{"embeddable":true,"href":"https:\/\/www.avaruustilanne.fi\/index.php\/wp-json\/wp\/v2\/users\/2"}],"replies":[{"embeddable":true,"href":"https:\/\/www.avaruustilanne.fi\/index.php\/wp-json\/wp\/v2\/comments?post=679"}],"version-history":[{"count":5,"href":"https:\/\/www.avaruustilanne.fi\/index.php\/wp-json\/wp\/v2\/posts\/679\/revisions"}],"predecessor-version":[{"id":689,"href":"https:\/\/www.avaruustilanne.fi\/index.php\/wp-json\/wp\/v2\/posts\/679\/revisions\/689"}],"wp:featuredmedia":[{"embeddable":true,"href":"https:\/\/www.avaruustilanne.fi\/index.php\/wp-json\/wp\/v2\/media\/682"}],"wp:attachment":[{"href":"https:\/\/www.avaruustilanne.fi\/index.php\/wp-json\/wp\/v2\/media?parent=679"}],"wp:term":[{"taxonomy":"category","embeddable":true,"href":"https:\/\/www.avaruustilanne.fi\/index.php\/wp-json\/wp\/v2\/categories?post=679"},{"taxonomy":"post_tag","embeddable":true,"href":"https:\/\/www.avaruustilanne.fi\/index.php\/wp-json\/wp\/v2\/tags?post=679"}],"curies":[{"name":"wp","href":"https:\/\/api.w.org\/{rel}","templated":true}]}}