{"id":941,"date":"2026-09-03T09:37:48","date_gmt":"2026-09-03T06:37:48","guid":{"rendered":"https:\/\/www.avaruustilanne.fi\/?p=941"},"modified":"2026-09-03T09:37:49","modified_gmt":"2026-09-03T06:37:49","slug":"esan-cluster-missio-paattyi-yli-25-vuoden-jalkeen","status":"publish","type":"post","link":"https:\/\/www.avaruustilanne.fi\/index.php\/2026\/09\/03\/esan-cluster-missio-paattyi-yli-25-vuoden-jalkeen\/","title":{"rendered":"ESA:n Cluster-missio p\u00e4\u00e4ttyi yli 25 vuoden j\u00e4lkeen"},"content":{"rendered":"\n<p class=\"wp-block-paragraph\"><strong>Euroopan avaruusj\u00e4rjest\u00f6n (ESA) Cluster-missio on tullut p\u00e4\u00e4t\u00f6kseens\u00e4, kun satelliitit Samba ja Tango palasivat hallitusti Maan ilmakeh\u00e4\u00e4n 31. elokuuta ja 1. syyskuuta 2026. Tangon paluun my\u00f6t\u00e4 p\u00e4\u00e4ttyi yksi Euroopan pitk\u00e4ik\u00e4isimmist\u00e4 ja merkitt\u00e4vimmist\u00e4 avaruusfysiikan tutkimusohjelmista. <\/strong><\/p>\n\n\n\n<p class=\"wp-block-paragraph\">Vuonna 2000 laukaistu Cluster koostui nelj\u00e4st\u00e4 identtisest\u00e4 satelliitista, joiden teht\u00e4v\u00e4n\u00e4 oli tutkia Maan magnetosf\u00e4\u00e4ri\u00e4 sek\u00e4 Auringosta virtaavan aurinkotuulen vaikutuksia l\u00e4hiavaruudessa. Satelliitit operoivat muodostelmassa, mik\u00e4 mahdollisti avaruusymp\u00e4rist\u00f6n samanaikaiset mittaukset useasta pisteest\u00e4 ja kolmiulotteisen tarkastelun ensimm\u00e4ist\u00e4 kertaa t\u00e4m\u00e4n mittaluokan avaruusmissiossa. <\/p>\n\n\n\n<h2 class=\"wp-block-heading\">Merkitt\u00e4v\u00e4 panos avaruuss\u00e4\u00e4n tutkimukseen<\/h2>\n\n\n\n<p class=\"wp-block-paragraph\">Clusterin tuottamat mittaukset ovat parantaneet ymm\u00e4rryst\u00e4 Maan avaruusymp\u00e4rist\u00f6st\u00e4, aurinkotuulen vaikutuksista sek\u00e4 magnetosf\u00e4\u00e4rin dynaamisista ilmi\u00f6ist\u00e4. Erityisen merkitt\u00e4vi\u00e4 ovat olleet havainnot magneettisesta rekonnektiosta, jossa magneettikenttien rakenteet muuttuvat ja vapauttavat suuria m\u00e4\u00e4ri\u00e4 energiaa. Kyseiset prosessit ovat keskeisi\u00e4 my\u00f6s avaruuss\u00e4\u00e4n ilmi\u00f6iss\u00e4, jotka voivat vaikuttaa satelliitteihin, paikannusj\u00e4rjestelmiin ja s\u00e4hk\u00f6verkkoihin. <\/p>\n\n\n\n<p class=\"wp-block-paragraph\">Cluster tarjosi lis\u00e4ksi ainutlaatuisia havaintoja Maan t\u00f6rm\u00e4ysaaltoalueesta, jossa aurinkotuuli hidastuu kohdatessaan Maan magneettikent\u00e4n. Alueella tapahtuvat vuorovaikutukset vaikuttavat l\u00e4hiavaruuden olosuhteisiin ja ovat keskeisi\u00e4 avaruuss\u00e4\u00e4n tutkimuksessa.<\/p>\n\n\n\n<h2 class=\"wp-block-heading\">Hallitut paluut ilmakeh\u00e4\u00e4n tukevat avaruustoiminnan kest\u00e4vyytt\u00e4<\/h2>\n\n\n\n<p class=\"wp-block-paragraph\">Avaruustilanteen n\u00e4k\u00f6kulmasta Clusterin elinkaaren p\u00e4\u00e4ttyminen on esimerkki vastuullisesta satelliittioperaatiosta. Tieteellinen toiminta p\u00e4\u00e4ttyi jo vuonna 2024, mink\u00e4 j\u00e4lkeen satelliitteja poistettiin k\u00e4yt\u00f6st\u00e4 vaiheittain suunniteltujen ja hallittujen ilmakeh\u00e4\u00e4n paluiden avulla.<\/p>\n\n\n\n<p class=\"wp-block-paragraph\">Hallittu k\u00e4yt\u00f6st\u00e4poisto v\u00e4hent\u00e4\u00e4 avaruusromun m\u00e4\u00e4r\u00e4\u00e4 ja pienent\u00e4\u00e4 pitk\u00e4n aikav\u00e4lin t\u00f6rm\u00e4ysriskej\u00e4 Maan kiertoradoilla. Samalla satelliittien paluut tarjoavat tutkijoille arvokasta tietoa siit\u00e4, miten avaruusalukset hajoavat ilmakeh\u00e4ss\u00e4. Koska kaikki nelj\u00e4 Cluster-satelliittia olivat rakenteeltaan l\u00e4hes identtisi\u00e4, niiden paluut muodostavat poikkeuksellisen vertailuaineiston tulevien satelliittien turvallisen suunnittelun tueksi. <\/p>\n\n\n\n<h2 class=\"wp-block-heading\">Perint\u00f6 jatkuu tutkimuksessa<\/h2>\n\n\n\n<p class=\"wp-block-paragraph\">Vaikka Cluster-satelliitit ovat poistuneet avaruudesta, niiden ker\u00e4\u00e4m\u00e4 data s\u00e4ilyy aktiivisessa tutkimusk\u00e4yt\u00f6ss\u00e4 viel\u00e4 pitk\u00e4\u00e4n. Missio osoitti monisatelliittihavaintojen arvon avaruusymp\u00e4rist\u00f6n tutkimuksessa ja loi perustaa tuleville hankkeille, joissa avaruusplasman ilmi\u00f6it\u00e4 tutkitaan entist\u00e4 tarkemmin useiden samanaikaisten mittausten avulla. <\/p>\n\n\n\n<p class=\"wp-block-paragraph\">Clusterin yli kaksi vuosikymment\u00e4 kest\u00e4nyt toiminta on j\u00e4tt\u00e4nyt pysyv\u00e4n j\u00e4ljen avaruusfysiikkaan, avaruuss\u00e4\u00e4n tutkimukseen ja l\u00e4hiavaruuden ilmi\u00f6iden ymm\u00e4rt\u00e4miseen. Samalla sen hallittu k\u00e4yt\u00f6st\u00e4poisto toimii esimerkkin\u00e4 vastuullisesta avaruustoiminnasta aikana, jolloin Maan kiertoratojen turvallisuus ja kest\u00e4v\u00e4 k\u00e4ytt\u00f6 ovat yh\u00e4 t\u00e4rke\u00e4mpi\u00e4 kysymyksi\u00e4. <\/p>\n\n\n\n<p class=\"wp-block-paragraph\"><em><strong>L\u00e4hde:<\/strong> Ruotsin avaruusfysiikan instituutti (IRF), Efter mer \u00e4n tv\u00e5 decennier tar Cluster farv\u00e4l &#8211; IRF har varit med fr\u00e5n b\u00f6rjan (2.9.2026). <strong>Linkki: <\/strong><a href=\"https:\/\/www.irf.se\/aktuellt\/2026\/09-02-efter-mer-an-tva-decennier-tar-cluster-farval-irf-har-varit-med-fran-borjan\/\">https:\/\/www.irf.se\/aktuellt\/2026\/09-02-efter-mer-an-tva-decennier-tar-cluster-farval-irf-har-varit-med-fran-borjan\/<\/a><\/em><\/p>\n","protected":false},"excerpt":{"rendered":"<p>Euroopan avaruusj\u00e4rjest\u00f6n (ESA) Cluster-missio on tullut p\u00e4\u00e4t\u00f6kseens\u00e4, kun satelliitit Samba ja Tango palasivat hallitusti Maan ilmakeh\u00e4\u00e4n 31. elokuuta ja 1. syyskuuta 2026. Tangon paluun my\u00f6t\u00e4 p\u00e4\u00e4ttyi yksi Euroopan pitk\u00e4ik\u00e4isimmist\u00e4 ja merkitt\u00e4vimmist\u00e4 avaruusfysiikan tutkimusohjelmista. Vuonna 2000 laukaistu Cluster koostui nelj\u00e4st\u00e4 identtisest\u00e4 satelliitista, joiden teht\u00e4v\u00e4n\u00e4 oli tutkia Maan magnetosf\u00e4\u00e4ri\u00e4 sek\u00e4 Auringosta virtaavan aurinkotuulen vaikutuksia l\u00e4hiavaruudessa. Satelliitit operoivat [&hellip;]<\/p>\n","protected":false},"author":2,"featured_media":942,"comment_status":"closed","ping_status":"open","sticky":false,"template":"","format":"standard","meta":{"footnotes":"","_links_to":"","_links_to_target":""},"categories":[6],"tags":[69,45],"class_list":["post-941","post","type-post","status-publish","format-standard","has-post-thumbnail","hentry","category-reentry","tag-cluster","tag-esa"],"_links":{"self":[{"href":"https:\/\/www.avaruustilanne.fi\/index.php\/wp-json\/wp\/v2\/posts\/941","targetHints":{"allow":["GET"]}}],"collection":[{"href":"https:\/\/www.avaruustilanne.fi\/index.php\/wp-json\/wp\/v2\/posts"}],"about":[{"href":"https:\/\/www.avaruustilanne.fi\/index.php\/wp-json\/wp\/v2\/types\/post"}],"author":[{"embeddable":true,"href":"https:\/\/www.avaruustilanne.fi\/index.php\/wp-json\/wp\/v2\/users\/2"}],"replies":[{"embeddable":true,"href":"https:\/\/www.avaruustilanne.fi\/index.php\/wp-json\/wp\/v2\/comments?post=941"}],"version-history":[{"count":1,"href":"https:\/\/www.avaruustilanne.fi\/index.php\/wp-json\/wp\/v2\/posts\/941\/revisions"}],"predecessor-version":[{"id":943,"href":"https:\/\/www.avaruustilanne.fi\/index.php\/wp-json\/wp\/v2\/posts\/941\/revisions\/943"}],"wp:featuredmedia":[{"embeddable":true,"href":"https:\/\/www.avaruustilanne.fi\/index.php\/wp-json\/wp\/v2\/media\/942"}],"wp:attachment":[{"href":"https:\/\/www.avaruustilanne.fi\/index.php\/wp-json\/wp\/v2\/media?parent=941"}],"wp:term":[{"taxonomy":"category","embeddable":true,"href":"https:\/\/www.avaruustilanne.fi\/index.php\/wp-json\/wp\/v2\/categories?post=941"},{"taxonomy":"post_tag","embeddable":true,"href":"https:\/\/www.avaruustilanne.fi\/index.php\/wp-json\/wp\/v2\/tags?post=941"}],"curies":[{"name":"wp","href":"https:\/\/api.w.org\/{rel}","templated":true}]}}